{"id":2181,"date":"2023-02-13T12:24:32","date_gmt":"2023-02-13T11:24:32","guid":{"rendered":"https:\/\/ssbnoain.com\/?p=2181"},"modified":"2023-02-13T12:38:19","modified_gmt":"2023-02-13T11:38:19","slug":"formacion-de-empleado-polivalente","status":"publish","type":"post","link":"https:\/\/ssbnoain.com\/eu\/formacion-de-empleado-polivalente\/","title":{"rendered":"<strong>FORMACI\u00d3N DE EMPLEADO POLIVALENTE<\/strong>"},"content":{"rendered":"\n<p><strong>Fechas: Del 27 de febrero al 24 de marzo.<\/strong><\/p>\n\n\n\n<p><strong>Horario: De 9 a 14.00 h.<\/strong><\/p>\n\n\n\n<p><strong>En: Fundaci\u00f3n Laboral de la Construcci\u00f3n. <\/strong>Pol\u00edgono Industrial de Areta. C\/ Bideberri 56, Huarte (Navarra)<\/p>\n\n\n\n<p><strong>Inscripciones e informaci\u00f3n:<\/strong> MANCOMUNIDAD SSB ZONA NOAIN, tfno. 948 31 82 87<\/p>\n\n\n\n<p><a href=\"https:\/\/ssbnoain.com\/wp-content\/uploads\/2023\/02\/2023-EMPLEADO-POLIVALENTE_Cartel_Pagina_1-scaled.jpg\">https:\/\/ssbnoain.com\/wp-content\/uploads\/2023\/02\/2023-EMPLEADO-POLIVALENTE_Cartel_Pagina_1-scaled.jpg<\/a><\/p>\n\n\n\n<p><a href=\"https:\/\/ssbnoain.com\/wp-content\/uploads\/2023\/02\/2023-EMPLEADO-POLIVALENTE_Cartel_Pagina_2-scaled.jpg\">https:\/\/ssbnoain.com\/wp-content\/uploads\/2023\/02\/2023-EMPLEADO-POLIVALENTE_Cartel_Pagina_2-scaled.jpg<\/a><\/p>\n\n\n\n<p>Se trata de un curso de 100 h + pr\u00e1cticas en empresa que se distribuir\u00e1 en los siguientes m\u00f3dulos:<\/p>\n\n\n\n<blockquote class=\"wp-block-quote is-style-plain\">\n<p><strong>M\u00f3dulo 1. <\/strong><strong>Gesti\u00f3n b\u00e1sica de almac\u00e9n (15 horas)<\/strong><\/p>\n\n\n\n<p>1. Operaciones auxiliares a realizar en un almac\u00e9n.<\/p>\n\n\n\n<p>2. Indicadores clave de desempe\u00f1o: KPI&#8217;s<\/p>\n\n\n\n<p>3. Almacenes: Tipos de almacenes<\/p>\n\n\n\n<p>4. Flujo de materiales<\/p>\n\n\n\n<p>5. Sistema de gesti\u00f3n<\/p>\n\n\n\n<p>6. Inventarios<\/p>\n\n\n\n<p>7. Utilidades RFiD<\/p>\n\n\n\n<p>8. Envases y embalajes<\/p>\n\n\n\n<p>9. Sistemas de paletizaci\u00f3n<\/p>\n\n\n\n<p><strong>M\u00f3dulo 2. P<\/strong><strong>revenci\u00f3n de riesgos laborales (8 horas)<\/strong><\/p>\n\n\n\n<p>1. Seguridad en el almac\u00e9n<\/p>\n\n\n\n<p>2. Evaluaci\u00f3n de riesgos en el almac\u00e9n y su prevenci\u00f3n<\/p>\n\n\n\n<p>3. Aplicaci\u00f3n de medidas y recomendaciones de prevenci\u00f3n de riesgos en el almac\u00e9n<\/p>\n\n\n\n<p><strong>M\u00f3dulo 3. <\/strong><strong>Carretillas elevadoras frontal (42 horas)<\/strong><\/p>\n\n\n\n<p>1. Acreditaci\u00f3n del\/a operador\/a de carretillas elevadoras<\/p>\n\n\n\n<p>2. Normativa existente Carretillas elevadoras en la v\u00eda p\u00fablica<\/p>\n\n\n\n<p>3. Tipos de carretillas elevadoras<\/p>\n\n\n\n<p>4. Estructura de la carretilla elevadora<\/p>\n\n\n\n<p>5. La energ\u00eda<\/p>\n\n\n\n<p>6. Conocimientos b\u00e1sicos de se\u00f1alizaci\u00f3n<\/p>\n\n\n\n<p>7. Manejo seguro en la conducci\u00f3n de carretillas elevadoras<\/p>\n\n\n\n<p>8. Mantenimiento preventivo<\/p>\n\n\n\n<p><strong>M\u00f3dulo 4. <\/strong><strong>Puente-gr\u00faa (20 horas)<\/strong><\/p>\n\n\n\n<p>1. Seguridad y prevenci\u00f3n: definiciones.<\/p>\n\n\n\n<p>2. Normativa legal<\/p>\n\n\n\n<p>3. Puente-gr\u00faa<\/p>\n\n\n\n<p>4. EPIS<\/p>\n\n\n\n<p>5. Elementos auxiliares<\/p>\n\n\n\n<p>6. Estrobado<\/p>\n\n\n\n<p>7. Mantenimiento de puentes gr\u00faa: seguridad<\/p>\n\n\n\n<p><strong>M\u00f3dulo 5. <\/strong><strong>Plataformas elevadoras (15 horas)<\/strong><\/p>\n\n\n\n<p>1. Certificaci\u00f3n de operador\/a de PEMP<\/p>\n\n\n\n<p>2. Normativa legal.<\/p>\n\n\n\n<p>3. Tipos de plataformas elevadoras.<\/p>\n\n\n\n<p>4. Caracter\u00edsticas.<\/p>\n\n\n\n<p>5. Sistemas de accionamiento.<\/p>\n\n\n\n<p>6. Riesgos\/medidas de prevenci\u00f3n y protecci\u00f3n.<\/p>\n\n\n\n<p>7. Normas de seguridad en la utilizaci\u00f3n.<\/p>\n\n\n\n<p>8. Se\u00f1alizaci\u00f3n. 9. Mantenimiento.<\/p>\n<\/blockquote>\n\n\n\n<div class=\"wp-block-group is-layout-constrained\"><div class=\"wp-block-group__inner-container\"><\/div><\/div>\n","protected":false},"excerpt":{"rendered":"<p>Fechas: Del 27 de febrero al 24 de marzo. Horario: De 9 a 14.00 h. En: Fundaci\u00f3n Laboral de la Construcci\u00f3n. Pol\u00edgono Industrial de Areta. C\/ Bideberri 56, Huarte (Navarra) Inscripciones e informaci\u00f3n: MANCOMUNIDAD SSB ZONA NOAIN, tfno. 948 31 82 87 https:\/\/ssbnoain.com\/wp-content\/uploads\/2023\/02\/2023-EMPLEADO-POLIVALENTE_Cartel_Pagina_1-scaled.jpg https:\/\/ssbnoain.com\/wp-content\/uploads\/2023\/02\/2023-EMPLEADO-POLIVALENTE_Cartel_Pagina_2-scaled.jpg Se trata de un curso de 100 h + pr\u00e1cticas en [&hellip;]<\/p>\n","protected":false},"author":2,"featured_media":2177,"comment_status":"closed","ping_status":"closed","sticky":false,"template":"","format":"standard","meta":{"_monsterinsights_skip_tracking":false,"_monsterinsights_sitenote_active":false,"_monsterinsights_sitenote_note":"","_monsterinsights_sitenote_category":0},"categories":[2],"tags":[],"acf":[],"yoast_head":"<!-- This site is optimized with the Yoast SEO plugin v20.5 - https:\/\/yoast.com\/wordpress\/plugins\/seo\/ -->\n<title>FORMACI\u00d3N DE EMPLEADO POLIVALENTE - Mancomunidad de SSB zona No\u00e1in<\/title>\n<meta name=\"robots\" content=\"index, follow, max-snippet:-1, max-image-preview:large, max-video-preview:-1\" \/>\n<link rel=\"canonical\" href=\"https:\/\/ssbnoain.com\/eu\/formacion-de-empleado-polivalente\/\" \/>\n<meta property=\"og:locale\" content=\"eu_ES\" \/>\n<meta property=\"og:type\" content=\"article\" \/>\n<meta property=\"og:title\" content=\"FORMACI\u00d3N DE EMPLEADO POLIVALENTE - Mancomunidad de SSB zona No\u00e1in\" \/>\n<meta property=\"og:description\" content=\"Fechas: Del 27 de febrero al 24 de marzo. Horario: De 9 a 14.00 h. En: Fundaci\u00f3n Laboral de la Construcci\u00f3n. Pol\u00edgono Industrial de Areta. C\/ Bideberri 56, Huarte (Navarra) Inscripciones e informaci\u00f3n: MANCOMUNIDAD SSB ZONA NOAIN, tfno. 948 31 82 87 https:\/\/ssbnoain.com\/wp-content\/uploads\/2023\/02\/2023-EMPLEADO-POLIVALENTE_Cartel_Pagina_1-scaled.jpg https:\/\/ssbnoain.com\/wp-content\/uploads\/2023\/02\/2023-EMPLEADO-POLIVALENTE_Cartel_Pagina_2-scaled.jpg Se trata de un curso de 100 h + pr\u00e1cticas en [&hellip;]\" \/>\n<meta property=\"og:url\" content=\"https:\/\/ssbnoain.com\/eu\/formacion-de-empleado-polivalente\/\" \/>\n<meta property=\"og:site_name\" content=\"Mancomunidad de SSB zona No\u00e1in\" \/>\n<meta property=\"article:published_time\" content=\"2023-02-13T11:24:32+00:00\" \/>\n<meta property=\"article:modified_time\" content=\"2023-02-13T11:38:19+00:00\" \/>\n<meta property=\"og:image\" content=\"https:\/\/ssbnoain.com\/wp-content\/uploads\/2023\/02\/2023-EMPLEADO-POLIVALENTE_Cartel_Pagina_1-scaled.jpg\" \/>\n\t<meta property=\"og:image:width\" content=\"2560\" \/>\n\t<meta property=\"og:image:height\" content=\"1440\" \/>\n\t<meta property=\"og:image:type\" content=\"image\/jpeg\" \/>\n<meta name=\"author\" content=\"ssb\" \/>\n<meta name=\"twitter:card\" content=\"summary_large_image\" \/>\n<meta name=\"twitter:label1\" content=\"Written by\" \/>\n\t<meta name=\"twitter:data1\" content=\"ssb\" \/>\n\t<meta name=\"twitter:label2\" content=\"Est. reading time\" \/>\n\t<meta name=\"twitter:data2\" content=\"2 minutes\" \/>\n<script type=\"application\/ld+json\" class=\"yoast-schema-graph\">{\"@context\":\"https:\/\/schema.org\",\"@graph\":[{\"@type\":\"WebPage\",\"@id\":\"https:\/\/ssbnoain.com\/eu\/formacion-de-empleado-polivalente\/\",\"url\":\"https:\/\/ssbnoain.com\/eu\/formacion-de-empleado-polivalente\/\",\"name\":\"FORMACI\u00d3N DE EMPLEADO POLIVALENTE - Mancomunidad de SSB zona No\u00e1in\",\"isPartOf\":{\"@id\":\"https:\/\/ssbnoain.com\/eu\/#website\"},\"datePublished\":\"2023-02-13T11:24:32+00:00\",\"dateModified\":\"2023-02-13T11:38:19+00:00\",\"author\":{\"@id\":\"https:\/\/ssbnoain.com\/eu\/#\/schema\/person\/a6a0f6fd9e1f9f0f4c5ed9508b795a39\"},\"breadcrumb\":{\"@id\":\"https:\/\/ssbnoain.com\/eu\/formacion-de-empleado-polivalente\/#breadcrumb\"},\"inLanguage\":\"eu-ES\",\"potentialAction\":[{\"@type\":\"ReadAction\",\"target\":[\"https:\/\/ssbnoain.com\/eu\/formacion-de-empleado-polivalente\/\"]}]},{\"@type\":\"BreadcrumbList\",\"@id\":\"https:\/\/ssbnoain.com\/eu\/formacion-de-empleado-polivalente\/#breadcrumb\",\"itemListElement\":[{\"@type\":\"ListItem\",\"position\":1,\"name\":\"Portada\",\"item\":\"https:\/\/ssbnoain.com\/eu\/\"},{\"@type\":\"ListItem\",\"position\":2,\"name\":\"FORMACI\u00d3N DE EMPLEADO POLIVALENTE\"}]},{\"@type\":\"WebSite\",\"@id\":\"https:\/\/ssbnoain.com\/eu\/#website\",\"url\":\"https:\/\/ssbnoain.com\/eu\/\",\"name\":\"Mancomunidad de SSB zona No\u00e1in\",\"description\":\"\",\"potentialAction\":[{\"@type\":\"SearchAction\",\"target\":{\"@type\":\"EntryPoint\",\"urlTemplate\":\"https:\/\/ssbnoain.com\/eu\/?s={search_term_string}\"},\"query-input\":\"required name=search_term_string\"}],\"inLanguage\":\"eu-ES\"},{\"@type\":\"Person\",\"@id\":\"https:\/\/ssbnoain.com\/eu\/#\/schema\/person\/a6a0f6fd9e1f9f0f4c5ed9508b795a39\",\"name\":\"ssb\",\"url\":\"https:\/\/ssbnoain.com\/eu\/author\/ssb\/\"}]}<\/script>\n<!-- \/ Yoast SEO plugin. -->","yoast_head_json":{"title":"FORMACI\u00d3N DE EMPLEADO POLIVALENTE - Mancomunidad de SSB zona No\u00e1in","robots":{"index":"index","follow":"follow","max-snippet":"max-snippet:-1","max-image-preview":"max-image-preview:large","max-video-preview":"max-video-preview:-1"},"canonical":"https:\/\/ssbnoain.com\/eu\/formacion-de-empleado-polivalente\/","og_locale":"eu_ES","og_type":"article","og_title":"FORMACI\u00d3N DE EMPLEADO POLIVALENTE - Mancomunidad de SSB zona No\u00e1in","og_description":"Fechas: Del 27 de febrero al 24 de marzo. Horario: De 9 a 14.00 h. En: Fundaci\u00f3n Laboral de la Construcci\u00f3n. Pol\u00edgono Industrial de Areta. C\/ Bideberri 56, Huarte (Navarra) Inscripciones e informaci\u00f3n: MANCOMUNIDAD SSB ZONA NOAIN, tfno. 948 31 82 87 https:\/\/ssbnoain.com\/wp-content\/uploads\/2023\/02\/2023-EMPLEADO-POLIVALENTE_Cartel_Pagina_1-scaled.jpg https:\/\/ssbnoain.com\/wp-content\/uploads\/2023\/02\/2023-EMPLEADO-POLIVALENTE_Cartel_Pagina_2-scaled.jpg Se trata de un curso de 100 h + pr\u00e1cticas en [&hellip;]","og_url":"https:\/\/ssbnoain.com\/eu\/formacion-de-empleado-polivalente\/","og_site_name":"Mancomunidad de SSB zona No\u00e1in","article_published_time":"2023-02-13T11:24:32+00:00","article_modified_time":"2023-02-13T11:38:19+00:00","og_image":[{"width":2560,"height":1440,"url":"https:\/\/ssbnoain.com\/wp-content\/uploads\/2023\/02\/2023-EMPLEADO-POLIVALENTE_Cartel_Pagina_1-scaled.jpg","type":"image\/jpeg"}],"author":"ssb","twitter_card":"summary_large_image","twitter_misc":{"Written by":"ssb","Est. reading time":"2 minutes"},"schema":{"@context":"https:\/\/schema.org","@graph":[{"@type":"WebPage","@id":"https:\/\/ssbnoain.com\/eu\/formacion-de-empleado-polivalente\/","url":"https:\/\/ssbnoain.com\/eu\/formacion-de-empleado-polivalente\/","name":"FORMACI\u00d3N DE EMPLEADO POLIVALENTE - Mancomunidad de SSB zona No\u00e1in","isPartOf":{"@id":"https:\/\/ssbnoain.com\/eu\/#website"},"datePublished":"2023-02-13T11:24:32+00:00","dateModified":"2023-02-13T11:38:19+00:00","author":{"@id":"https:\/\/ssbnoain.com\/eu\/#\/schema\/person\/a6a0f6fd9e1f9f0f4c5ed9508b795a39"},"breadcrumb":{"@id":"https:\/\/ssbnoain.com\/eu\/formacion-de-empleado-polivalente\/#breadcrumb"},"inLanguage":"eu-ES","potentialAction":[{"@type":"ReadAction","target":["https:\/\/ssbnoain.com\/eu\/formacion-de-empleado-polivalente\/"]}]},{"@type":"BreadcrumbList","@id":"https:\/\/ssbnoain.com\/eu\/formacion-de-empleado-polivalente\/#breadcrumb","itemListElement":[{"@type":"ListItem","position":1,"name":"Portada","item":"https:\/\/ssbnoain.com\/eu\/"},{"@type":"ListItem","position":2,"name":"FORMACI\u00d3N DE EMPLEADO POLIVALENTE"}]},{"@type":"WebSite","@id":"https:\/\/ssbnoain.com\/eu\/#website","url":"https:\/\/ssbnoain.com\/eu\/","name":"Mancomunidad de SSB zona No\u00e1in","description":"","potentialAction":[{"@type":"SearchAction","target":{"@type":"EntryPoint","urlTemplate":"https:\/\/ssbnoain.com\/eu\/?s={search_term_string}"},"query-input":"required name=search_term_string"}],"inLanguage":"eu-ES"},{"@type":"Person","@id":"https:\/\/ssbnoain.com\/eu\/#\/schema\/person\/a6a0f6fd9e1f9f0f4c5ed9508b795a39","name":"ssb","url":"https:\/\/ssbnoain.com\/eu\/author\/ssb\/"}]}},"_links":{"self":[{"href":"https:\/\/ssbnoain.com\/eu\/wp-json\/wp\/v2\/posts\/2181"}],"collection":[{"href":"https:\/\/ssbnoain.com\/eu\/wp-json\/wp\/v2\/posts"}],"about":[{"href":"https:\/\/ssbnoain.com\/eu\/wp-json\/wp\/v2\/types\/post"}],"author":[{"embeddable":true,"href":"https:\/\/ssbnoain.com\/eu\/wp-json\/wp\/v2\/users\/2"}],"replies":[{"embeddable":true,"href":"https:\/\/ssbnoain.com\/eu\/wp-json\/wp\/v2\/comments?post=2181"}],"version-history":[{"count":3,"href":"https:\/\/ssbnoain.com\/eu\/wp-json\/wp\/v2\/posts\/2181\/revisions"}],"predecessor-version":[{"id":2185,"href":"https:\/\/ssbnoain.com\/eu\/wp-json\/wp\/v2\/posts\/2181\/revisions\/2185"}],"wp:featuredmedia":[{"embeddable":true,"href":"https:\/\/ssbnoain.com\/eu\/wp-json\/wp\/v2\/media\/2177"}],"wp:attachment":[{"href":"https:\/\/ssbnoain.com\/eu\/wp-json\/wp\/v2\/media?parent=2181"}],"wp:term":[{"taxonomy":"category","embeddable":true,"href":"https:\/\/ssbnoain.com\/eu\/wp-json\/wp\/v2\/categories?post=2181"},{"taxonomy":"post_tag","embeddable":true,"href":"https:\/\/ssbnoain.com\/eu\/wp-json\/wp\/v2\/tags?post=2181"}],"curies":[{"name":"wp","href":"https:\/\/api.w.org\/{rel}","templated":true}]}}