{"id":1964,"date":"2022-06-28T08:56:01","date_gmt":"2022-06-28T06:56:01","guid":{"rendered":"https:\/\/ssbnoain.com\/?p=1964"},"modified":"2022-06-28T08:58:20","modified_gmt":"2022-06-28T06:58:20","slug":"berridatz-ditzagun-jaiak","status":"publish","type":"post","link":"https:\/\/ssbnoain.com\/eu\/berridatz-ditzagun-jaiak\/","title":{"rendered":"Berridatz Ditzagun Jaiak"},"content":{"rendered":"\n<p>Tras dos a\u00f1os de suspensi\u00f3n de las fiestas patronales por la pandemia, retomamos la campa\u00f1a de <strong>fiestas en Igualdad,<\/strong> con el objetivo de conseguir espacios festivos libres de agresiones sexistas<strong>.<\/strong> Como en a\u00f1os precedentes, a trav\u00e9s del Programa de Igualdad del SSB, la Mancomunidad se ha adherido a la campa\u00f1a de prevenci\u00f3n de agresiones sexistas en fiestas 2022.<\/p>\n\n\n\n<p>Os hacemos llegar la imagen digitalizada<strong> de los carteles <\/strong>de la campa\u00f1a recientementepresentada por el<strong> Instituto Navarro para la Igualdad, <\/strong>para que pod\u00e1is colocar en los programas, p\u00e1ginas webs, redes sociales, etc. previo a las fiestas de vuestros respectivos municipios.<\/p>\n\n\n\n<p>La campa\u00f1a busca sensibilizar a la ciudadan\u00eda contra las agresiones y el acoso a mujeres en el espacio festivo, con motivo de las fiestas patronales de verano, bajo el lema <strong>\u201cReescribamos las fiestas \/ Berridatz ditzagun jaiak\u201d.<\/strong> En el cartel, tres mujeres y dos hombres tienen la mano marcada con sus principales aspiraciones: ellas quieren unas fiestas en las que puedan \u201c<strong>Sentirme segura al volver a casa<\/strong>\u201d, \u201c<strong>Tener tiempo para m\u00ed<\/strong>\u201d, \u201c<strong>Disfrutar sin sentirme acosada<\/strong>\u201d. Y ellos se comprometen por escrito con el \u201c<strong>Solo el s\u00ed es s<\/strong>\u00ed\u201d y \u201c<strong>El machismo sobra<\/strong>\u201d en favor de la igualdad en sus relaciones con las mujeres.<\/p>\n\n\n\n<p>Adem\u00e1s, se contin\u00faa con la <strong>mano roja<\/strong> como s\u00edmbolo del rechazo a la violencia contra las mujeres en los contextos de fiestas. En el SSB contamos con alguna<strong> lona<\/strong> con esa imagen, para colocar en el balc\u00f3n del ayuntamiento o edificio que se considere relevante. Dado que son para compartir entre todos los municipios, si tuvierais inter\u00e9s, nos lo comunic\u00e1is para poder cuadrar fechas y organizar la entrega.<\/p>\n\n\n\n<p>Como Entidades Locales nos corresponde mantener una posici\u00f3n activa frente a las distintas violencias que se ejercen contra las mujeres, realizar una denuncia firme y conjunta, y trabajar para su prevenci\u00f3n y erradicaci\u00f3n.<\/p>\n\n\n\n<p>Rogamos m\u00e1xima difusi\u00f3n en vuestras webs, redes sociales y otros canales municipales.<\/p>\n\n\n\n<p>Recibid un cordial saludos y disfrutad las fiestas en igualdad.<\/p>\n\n\n\n<p><a href=\"https:\/\/ssbnoain.com\/wp-content\/uploads\/2022\/06\/2022-Cartel-IMAGEN-MANO-ROJA-BILINGUE.jpg\">https:\/\/ssbnoain.com\/wp-content\/uploads\/2022\/06\/2022-Cartel-IMAGEN-MANO-ROJA-BILINGUE.jpg<\/a><\/p>\n\n\n\n<p><a href=\"https:\/\/ssbnoain.com\/wp-content\/uploads\/2022\/06\/2022-Cartel-fiestas-EUSK.jpg\">https:\/\/ssbnoain.com\/wp-content\/uploads\/2022\/06\/2022-Cartel-fiestas-EUSK.jpg<\/a><\/p>\n\n\n\n<p><a href=\"https:\/\/ssbnoain.com\/wp-content\/uploads\/2022\/06\/2022-Cartel-fiestas-BILINGUE.jpg\">https:\/\/ssbnoain.com\/wp-content\/uploads\/2022\/06\/2022-Cartel-fiestas-BILINGUE.jpg<\/a><\/p>\n","protected":false},"excerpt":{"rendered":"<p>Tras dos a\u00f1os de suspensi\u00f3n de las fiestas patronales por la pandemia, retomamos la campa\u00f1a de fiestas en Igualdad, con el objetivo de conseguir espacios festivos libres de agresiones sexistas. Como en a\u00f1os precedentes, a trav\u00e9s del Programa de Igualdad del SSB, la Mancomunidad se ha adherido a la campa\u00f1a de prevenci\u00f3n de agresiones sexistas [&hellip;]<\/p>\n","protected":false},"author":2,"featured_media":1951,"comment_status":"closed","ping_status":"closed","sticky":false,"template":"","format":"standard","meta":{"_monsterinsights_skip_tracking":false,"_monsterinsights_sitenote_active":false,"_monsterinsights_sitenote_note":"","_monsterinsights_sitenote_category":0},"categories":[2],"tags":[],"acf":[],"yoast_head":"<!-- This site is optimized with the Yoast SEO plugin v20.5 - https:\/\/yoast.com\/wordpress\/plugins\/seo\/ -->\n<title>Berridatz Ditzagun Jaiak - Mancomunidad de SSB zona No\u00e1in<\/title>\n<meta name=\"robots\" content=\"index, follow, max-snippet:-1, max-image-preview:large, max-video-preview:-1\" \/>\n<link rel=\"canonical\" href=\"https:\/\/ssbnoain.com\/eu\/berridatz-ditzagun-jaiak\/\" \/>\n<meta property=\"og:locale\" content=\"eu_ES\" \/>\n<meta property=\"og:type\" content=\"article\" \/>\n<meta property=\"og:title\" content=\"Berridatz Ditzagun Jaiak - Mancomunidad de SSB zona No\u00e1in\" \/>\n<meta property=\"og:description\" content=\"Tras dos a\u00f1os de suspensi\u00f3n de las fiestas patronales por la pandemia, retomamos la campa\u00f1a de fiestas en Igualdad, con el objetivo de conseguir espacios festivos libres de agresiones sexistas. Como en a\u00f1os precedentes, a trav\u00e9s del Programa de Igualdad del SSB, la Mancomunidad se ha adherido a la campa\u00f1a de prevenci\u00f3n de agresiones sexistas [&hellip;]\" \/>\n<meta property=\"og:url\" content=\"https:\/\/ssbnoain.com\/eu\/berridatz-ditzagun-jaiak\/\" \/>\n<meta property=\"og:site_name\" content=\"Mancomunidad de SSB zona No\u00e1in\" \/>\n<meta property=\"article:published_time\" content=\"2022-06-28T06:56:01+00:00\" \/>\n<meta property=\"article:modified_time\" content=\"2022-06-28T06:58:20+00:00\" \/>\n<meta property=\"og:image\" content=\"https:\/\/ssbnoain.com\/wp-content\/uploads\/2022\/06\/2022-Cartel-fiestas-EUSK.jpg\" \/>\n\t<meta property=\"og:image:width\" content=\"1778\" \/>\n\t<meta property=\"og:image:height\" content=\"2499\" \/>\n\t<meta property=\"og:image:type\" content=\"image\/jpeg\" \/>\n<meta name=\"author\" content=\"ssb\" \/>\n<meta name=\"twitter:card\" content=\"summary_large_image\" \/>\n<meta name=\"twitter:label1\" content=\"Written by\" \/>\n\t<meta name=\"twitter:data1\" content=\"ssb\" \/>\n\t<meta name=\"twitter:label2\" content=\"Est. reading time\" \/>\n\t<meta name=\"twitter:data2\" content=\"2 minutes\" \/>\n<script type=\"application\/ld+json\" class=\"yoast-schema-graph\">{\"@context\":\"https:\/\/schema.org\",\"@graph\":[{\"@type\":\"WebPage\",\"@id\":\"https:\/\/ssbnoain.com\/eu\/berridatz-ditzagun-jaiak\/\",\"url\":\"https:\/\/ssbnoain.com\/eu\/berridatz-ditzagun-jaiak\/\",\"name\":\"Berridatz Ditzagun Jaiak - Mancomunidad de SSB zona No\u00e1in\",\"isPartOf\":{\"@id\":\"https:\/\/ssbnoain.com\/eu\/#website\"},\"datePublished\":\"2022-06-28T06:56:01+00:00\",\"dateModified\":\"2022-06-28T06:58:20+00:00\",\"author\":{\"@id\":\"https:\/\/ssbnoain.com\/eu\/#\/schema\/person\/a6a0f6fd9e1f9f0f4c5ed9508b795a39\"},\"breadcrumb\":{\"@id\":\"https:\/\/ssbnoain.com\/eu\/berridatz-ditzagun-jaiak\/#breadcrumb\"},\"inLanguage\":\"eu-ES\",\"potentialAction\":[{\"@type\":\"ReadAction\",\"target\":[\"https:\/\/ssbnoain.com\/eu\/berridatz-ditzagun-jaiak\/\"]}]},{\"@type\":\"BreadcrumbList\",\"@id\":\"https:\/\/ssbnoain.com\/eu\/berridatz-ditzagun-jaiak\/#breadcrumb\",\"itemListElement\":[{\"@type\":\"ListItem\",\"position\":1,\"name\":\"Portada\",\"item\":\"https:\/\/ssbnoain.com\/eu\/\"},{\"@type\":\"ListItem\",\"position\":2,\"name\":\"Berridatz Ditzagun Jaiak\"}]},{\"@type\":\"WebSite\",\"@id\":\"https:\/\/ssbnoain.com\/eu\/#website\",\"url\":\"https:\/\/ssbnoain.com\/eu\/\",\"name\":\"Mancomunidad de SSB zona No\u00e1in\",\"description\":\"\",\"potentialAction\":[{\"@type\":\"SearchAction\",\"target\":{\"@type\":\"EntryPoint\",\"urlTemplate\":\"https:\/\/ssbnoain.com\/eu\/?s={search_term_string}\"},\"query-input\":\"required name=search_term_string\"}],\"inLanguage\":\"eu-ES\"},{\"@type\":\"Person\",\"@id\":\"https:\/\/ssbnoain.com\/eu\/#\/schema\/person\/a6a0f6fd9e1f9f0f4c5ed9508b795a39\",\"name\":\"ssb\",\"url\":\"https:\/\/ssbnoain.com\/eu\/author\/ssb\/\"}]}<\/script>\n<!-- \/ Yoast SEO plugin. -->","yoast_head_json":{"title":"Berridatz Ditzagun Jaiak - Mancomunidad de SSB zona No\u00e1in","robots":{"index":"index","follow":"follow","max-snippet":"max-snippet:-1","max-image-preview":"max-image-preview:large","max-video-preview":"max-video-preview:-1"},"canonical":"https:\/\/ssbnoain.com\/eu\/berridatz-ditzagun-jaiak\/","og_locale":"eu_ES","og_type":"article","og_title":"Berridatz Ditzagun Jaiak - Mancomunidad de SSB zona No\u00e1in","og_description":"Tras dos a\u00f1os de suspensi\u00f3n de las fiestas patronales por la pandemia, retomamos la campa\u00f1a de fiestas en Igualdad, con el objetivo de conseguir espacios festivos libres de agresiones sexistas. Como en a\u00f1os precedentes, a trav\u00e9s del Programa de Igualdad del SSB, la Mancomunidad se ha adherido a la campa\u00f1a de prevenci\u00f3n de agresiones sexistas [&hellip;]","og_url":"https:\/\/ssbnoain.com\/eu\/berridatz-ditzagun-jaiak\/","og_site_name":"Mancomunidad de SSB zona No\u00e1in","article_published_time":"2022-06-28T06:56:01+00:00","article_modified_time":"2022-06-28T06:58:20+00:00","og_image":[{"width":1778,"height":2499,"url":"https:\/\/ssbnoain.com\/wp-content\/uploads\/2022\/06\/2022-Cartel-fiestas-EUSK.jpg","type":"image\/jpeg"}],"author":"ssb","twitter_card":"summary_large_image","twitter_misc":{"Written by":"ssb","Est. reading time":"2 minutes"},"schema":{"@context":"https:\/\/schema.org","@graph":[{"@type":"WebPage","@id":"https:\/\/ssbnoain.com\/eu\/berridatz-ditzagun-jaiak\/","url":"https:\/\/ssbnoain.com\/eu\/berridatz-ditzagun-jaiak\/","name":"Berridatz Ditzagun Jaiak - Mancomunidad de SSB zona No\u00e1in","isPartOf":{"@id":"https:\/\/ssbnoain.com\/eu\/#website"},"datePublished":"2022-06-28T06:56:01+00:00","dateModified":"2022-06-28T06:58:20+00:00","author":{"@id":"https:\/\/ssbnoain.com\/eu\/#\/schema\/person\/a6a0f6fd9e1f9f0f4c5ed9508b795a39"},"breadcrumb":{"@id":"https:\/\/ssbnoain.com\/eu\/berridatz-ditzagun-jaiak\/#breadcrumb"},"inLanguage":"eu-ES","potentialAction":[{"@type":"ReadAction","target":["https:\/\/ssbnoain.com\/eu\/berridatz-ditzagun-jaiak\/"]}]},{"@type":"BreadcrumbList","@id":"https:\/\/ssbnoain.com\/eu\/berridatz-ditzagun-jaiak\/#breadcrumb","itemListElement":[{"@type":"ListItem","position":1,"name":"Portada","item":"https:\/\/ssbnoain.com\/eu\/"},{"@type":"ListItem","position":2,"name":"Berridatz Ditzagun Jaiak"}]},{"@type":"WebSite","@id":"https:\/\/ssbnoain.com\/eu\/#website","url":"https:\/\/ssbnoain.com\/eu\/","name":"Mancomunidad de SSB zona No\u00e1in","description":"","potentialAction":[{"@type":"SearchAction","target":{"@type":"EntryPoint","urlTemplate":"https:\/\/ssbnoain.com\/eu\/?s={search_term_string}"},"query-input":"required name=search_term_string"}],"inLanguage":"eu-ES"},{"@type":"Person","@id":"https:\/\/ssbnoain.com\/eu\/#\/schema\/person\/a6a0f6fd9e1f9f0f4c5ed9508b795a39","name":"ssb","url":"https:\/\/ssbnoain.com\/eu\/author\/ssb\/"}]}},"_links":{"self":[{"href":"https:\/\/ssbnoain.com\/eu\/wp-json\/wp\/v2\/posts\/1964"}],"collection":[{"href":"https:\/\/ssbnoain.com\/eu\/wp-json\/wp\/v2\/posts"}],"about":[{"href":"https:\/\/ssbnoain.com\/eu\/wp-json\/wp\/v2\/types\/post"}],"author":[{"embeddable":true,"href":"https:\/\/ssbnoain.com\/eu\/wp-json\/wp\/v2\/users\/2"}],"replies":[{"embeddable":true,"href":"https:\/\/ssbnoain.com\/eu\/wp-json\/wp\/v2\/comments?post=1964"}],"version-history":[{"count":2,"href":"https:\/\/ssbnoain.com\/eu\/wp-json\/wp\/v2\/posts\/1964\/revisions"}],"predecessor-version":[{"id":1967,"href":"https:\/\/ssbnoain.com\/eu\/wp-json\/wp\/v2\/posts\/1964\/revisions\/1967"}],"wp:featuredmedia":[{"embeddable":true,"href":"https:\/\/ssbnoain.com\/eu\/wp-json\/wp\/v2\/media\/1951"}],"wp:attachment":[{"href":"https:\/\/ssbnoain.com\/eu\/wp-json\/wp\/v2\/media?parent=1964"}],"wp:term":[{"taxonomy":"category","embeddable":true,"href":"https:\/\/ssbnoain.com\/eu\/wp-json\/wp\/v2\/categories?post=1964"},{"taxonomy":"post_tag","embeddable":true,"href":"https:\/\/ssbnoain.com\/eu\/wp-json\/wp\/v2\/tags?post=1964"}],"curies":[{"name":"wp","href":"https:\/\/api.w.org\/{rel}","templated":true}]}}